{"id":2329,"date":"2026-08-27T12:12:50","date_gmt":"2026-08-27T10:12:50","guid":{"rendered":"https:\/\/www.velocampus.net\/?p=2329"},"modified":"2026-09-02T16:38:54","modified_gmt":"2026-09-02T14:38:54","slug":"la-semaine-du-reemploi-solidaire-du-lundi-28-septembre-au-dimanche-4-octobre","status":"publish","type":"post","link":"https:\/\/www.velocampus.net\/en\/2026\/08\/27\/la-semaine-du-reemploi-solidaire-du-lundi-28-septembre-au-dimanche-4-octobre\/","title":{"rendered":"La semaine du R\u00e9emploi Solidaire, du lundi 28 septembre au dimanche 4 octobre"},"content":{"rendered":"\n<p class=\"wp-block-paragraph\">On pourrait presque dire qu&#8217;\u00e0 V\u00e9locampus, c&#8217;est tous les jours la semaine du r\u00e9emploi : autor\u00e9paration, d\u00e9sossage de v\u00e9los, ateliers cr\u00e9acycles, les id\u00e9es ne manquent pas ! Le r\u00e9emploi est cependant loin d&#8217;\u00eatre une pratique largement partag\u00e9e \u00e0 ce jour, et pour les diff\u00e9rents aspects de nos vies. <\/p>\n\n\n\n<p class=\"wp-block-paragraph\">C&#8217;est heureux, des lieux existent pour exp\u00e9rimenter et d\u00e9couvrir les vertus sociales et \u00e9cologiques du r\u00e9emploi ! V\u00e9locampus en est un, mais dans la vie, il n&#8217;y a pas que les v\u00e9los&#8230; Aussi, si vous souhaitez d\u00e9couvrir d&#8217;autres lieux pr\u00e8s de chez vous, profitez de la Semaine du R\u00e9emploi Solidaire. Du 28 septembre au 4 octobre, initiatives, portes-ouvertes et divers autres \u00e9v\u00e9nements se tiendront partout en France pour c\u00e9l\u00e9brer le r\u00e9emploi sous toutes ses formes &#8211; si vous consultez cette <a href=\"https:\/\/semaine-reemploisolidaire.carteco-ess.org\/map#\/carte\/@44.84,3.16,5z?cat=all\" data-type=\"link\" data-id=\"https:\/\/semaine-reemploisolidaire.carteco-ess.org\/map#\/carte\/@44.84,3.16,5z?cat=all\">carte<\/a>, vous trouverez certainement quelque chose pr\u00e8s de chez vous !<\/p>\n\n\n\n<p class=\"wp-block-paragraph\">> Semaine du r\u00e9emploi solidaire, du lundi 28 septembre au 4 octobre, dans toutes les France. <a href=\"https:\/\/semaine-reemploisolidaire.carteco-ess.org\/\" data-type=\"link\" data-id=\"https:\/\/semaine-reemploisolidaire.carteco-ess.org\/\">Informations et \u00e9v\u00e9nements ici !<\/a><\/p>\n\n\n\n<p class=\"wp-block-paragraph\"><\/p>\n","protected":false},"excerpt":{"rendered":"<p>On pourrait presque dire qu&#8217;\u00e0 V\u00e9locampus, c&#8217;est tous les jours la semaine du r\u00e9emploi : autor\u00e9paration, d\u00e9sossage de v\u00e9los, ateliers cr\u00e9acycles, les id\u00e9es ne manquent pas ! Le r\u00e9emploi est cependant loin d&#8217;\u00eatre une pratique largement partag\u00e9e \u00e0 ce jour,<\/p>\n","protected":false},"author":10,"featured_media":2330,"comment_status":"closed","ping_status":"open","sticky":false,"template":"","format":"standard","meta":{"_lmt_disableupdate":"","_lmt_disable":"","footnotes":""},"categories":[1],"tags":[],"class_list":["post-2329","post","type-post","status-publish","format-standard","has-post-thumbnail","hentry","category-non-classe"],"translation":{"provider":"WPGlobus","version":"3.0.5","language":"en","enabled_languages":["fr","en"],"languages":{"fr":{"title":true,"content":true,"excerpt":false},"en":{"title":false,"content":false,"excerpt":false}}},"modified_by":"tgodefroy","_links":{"self":[{"href":"https:\/\/www.velocampus.net\/en\/wp-json\/wp\/v2\/posts\/2329","targetHints":{"allow":["GET"]}}],"collection":[{"href":"https:\/\/www.velocampus.net\/en\/wp-json\/wp\/v2\/posts"}],"about":[{"href":"https:\/\/www.velocampus.net\/en\/wp-json\/wp\/v2\/types\/post"}],"author":[{"embeddable":true,"href":"https:\/\/www.velocampus.net\/en\/wp-json\/wp\/v2\/users\/10"}],"replies":[{"embeddable":true,"href":"https:\/\/www.velocampus.net\/en\/wp-json\/wp\/v2\/comments?post=2329"}],"version-history":[{"count":1,"href":"https:\/\/www.velocampus.net\/en\/wp-json\/wp\/v2\/posts\/2329\/revisions"}],"predecessor-version":[{"id":2331,"href":"https:\/\/www.velocampus.net\/en\/wp-json\/wp\/v2\/posts\/2329\/revisions\/2331"}],"wp:featuredmedia":[{"embeddable":true,"href":"https:\/\/www.velocampus.net\/en\/wp-json\/wp\/v2\/media\/2330"}],"wp:attachment":[{"href":"https:\/\/www.velocampus.net\/en\/wp-json\/wp\/v2\/media?parent=2329"}],"wp:term":[{"taxonomy":"category","embeddable":true,"href":"https:\/\/www.velocampus.net\/en\/wp-json\/wp\/v2\/categories?post=2329"},{"taxonomy":"post_tag","embeddable":true,"href":"https:\/\/www.velocampus.net\/en\/wp-json\/wp\/v2\/tags?post=2329"}],"curies":[{"name":"wp","href":"https:\/\/api.w.org\/{rel}","templated":true}]}}