{"id":1841,"date":"2025-03-06T16:11:39","date_gmt":"2025-03-06T15:11:39","guid":{"rendered":"https:\/\/www.velocampus.net\/?p=1841"},"modified":"2025-11-28T14:42:24","modified_gmt":"2025-11-28T13:42:24","slug":"festival-deux-mains-2025-un-pole-velo-et-de-superbes-animations-en-perspective","status":"publish","type":"post","link":"https:\/\/www.velocampus.net\/en\/2025\/03\/06\/festival-deux-mains-2025-un-pole-velo-et-de-superbes-animations-en-perspective\/","title":{"rendered":"Festival Deux Mains 2025 : un p\u00f4le v\u00e9lo et de superbes animations en perspective !"},"content":{"rendered":"\n<p>Les samedi 5 et dimanche 6 avril, le festival Deux Mains se tiendra au <a href=\"https:\/\/www.ecossolies.fr\/solilab\/\" data-type=\"link\" data-id=\"https:\/\/www.ecossolies.fr\/solilab\/\">Solilab<\/a>. Organis\u00e9 par les <a href=\"https:\/\/www.ecossolies.fr\/\" data-type=\"link\" data-id=\"https:\/\/www.ecossolies.fr\/\">Ecossolies<\/a>, le festival <a href=\"https:\/\/www.ecossolies.fr\/evenements\/festival-deuxmains\/\" data-type=\"link\" data-id=\"https:\/\/www.ecossolies.fr\/evenements\/festival-deuxmains\/\">Deux Mains<\/a> est un \u00e9v\u00e9nement incontournable d\u00e8s lors qu&#8217;il s&#8217;agit de valoriser les initiatives locales en mati\u00e8re de r\u00e9emploi solidaire, de z\u00e9ro d\u00e9chet, de r\u00e9paration, d&#8217;anti-gaspi alimentaire, d&#8217;upcycling : excellent programme !<\/p>\n\n\n\n<p>Vous trouverez ainsi parmi les exposants\u00b7es des ressourceries g\u00e9n\u00e9ralistes ou sp\u00e9cialis\u00e9es en diff\u00e9rents domaines (petite enfance, article de sport, \u00e9lectrom\u00e9nager, etc.), des friperies, des cr\u00e9ateurices, de la sup\u00e8re nourriture et de la sup\u00e8re musique&#8230; et un p\u00f4le v\u00e9lo ! <\/p>\n\n\n\n<p>En effet, les ateliers de la <a href=\"https:\/\/laclavettedupaysnantais.fr\/\" data-type=\"link\" data-id=\"https:\/\/laclavettedupaysnantais.fr\/\">CLAVette du Pays Nantais<\/a>, qui regroupe diff\u00e9rents ateliers d&#8217;autor\u00e9paration de Nantes et ses environs, seront pr\u00e9sents sur les deux jours du festival pour vous proposer, in-cro-yable mais vrai ! un programme de haute vol\u00e9e : vente de v\u00e9los, contr\u00f4le technique et petites r\u00e9parations, formation, conf\u00e9rence gesticul\u00e9e, stand d&#8217;information, atelier Cr\u00e9acycle. Ce foisonnement nous ravit et si jamais vous souhaitez prendre part \u00e0 cette aventure en tant que b\u00e9n\u00e9vole, n&#8217;h\u00e9sitez pas \u00e0 nous en faire part : nous ne serons jamais trop, et ce peut-\u00eatre l&#8217;occasion de rencontrer les forces vives des ateliers du coin.<\/p>\n\n\n\n<p>Autre nouveaut\u00e9 de cette \u00e9dition 2025 : des animations autour de th\u00e8mes li\u00e9s au r\u00e9emploi se tiendront au sein de diff\u00e9rentes structures au fil de la semaine qui pr\u00e9c\u00e8de le festival. V\u00e9locampus tiendra ainsi un stand d&#8217;informations sur le choix d&#8217;un v\u00e9lo d&#8217;occasion \u00e0 <a href=\"https:\/\/www.letransistore.org\/\" data-type=\"link\" data-id=\"https:\/\/www.letransistore.org\/\">la Ressourcerie du Transistore<\/a>, \u00e0 la Chapelle sur Erdre, le vendredi 4 avril.&nbsp;<\/p>\n\n\n\n<p>Pendant le festival ou \u00e0 l&#8217;occasion des animations qui le pr\u00e9c\u00e8dent, b\u00e9n\u00e9voles ou visiteureuses : nous vous esp\u00e9rons nombreux\u00b7ses !<\/p>\n\n\n\n<p><\/p>\n","protected":false},"excerpt":{"rendered":"<p>Les samedi 5 et dimanche 6 avril, le festival Deux Mains se tiendra au Solilab. Organis\u00e9 par les Ecossolies, le festival Deux Mains est un \u00e9v\u00e9nement incontournable d\u00e8s lors qu&#8217;il s&#8217;agit de valoriser les initiatives locales en mati\u00e8re de r\u00e9emploi solidaire, de z\u00e9ro d\u00e9chet, de r\u00e9paration, d&#8217;anti-gaspi alimentaire, d&#8217;upcycling : excellent programme !<\/p>\n","protected":false},"author":10,"featured_media":1855,"comment_status":"closed","ping_status":"open","sticky":false,"template":"","format":"standard","meta":{"_lmt_disableupdate":"no","_lmt_disable":"","footnotes":""},"categories":[35],"tags":[],"class_list":["post-1841","post","type-post","status-publish","format-standard","has-post-thumbnail","hentry","category-archive"],"translation":{"provider":"WPGlobus","version":"3.0.2","language":"en","enabled_languages":["fr","en"],"languages":{"fr":{"title":true,"content":true,"excerpt":true},"en":{"title":false,"content":false,"excerpt":false}}},"modified_by":"tgodefroy","_links":{"self":[{"href":"https:\/\/www.velocampus.net\/en\/wp-json\/wp\/v2\/posts\/1841","targetHints":{"allow":["GET"]}}],"collection":[{"href":"https:\/\/www.velocampus.net\/en\/wp-json\/wp\/v2\/posts"}],"about":[{"href":"https:\/\/www.velocampus.net\/en\/wp-json\/wp\/v2\/types\/post"}],"author":[{"embeddable":true,"href":"https:\/\/www.velocampus.net\/en\/wp-json\/wp\/v2\/users\/10"}],"replies":[{"embeddable":true,"href":"https:\/\/www.velocampus.net\/en\/wp-json\/wp\/v2\/comments?post=1841"}],"version-history":[{"count":7,"href":"https:\/\/www.velocampus.net\/en\/wp-json\/wp\/v2\/posts\/1841\/revisions"}],"predecessor-version":[{"id":2062,"href":"https:\/\/www.velocampus.net\/en\/wp-json\/wp\/v2\/posts\/1841\/revisions\/2062"}],"wp:featuredmedia":[{"embeddable":true,"href":"https:\/\/www.velocampus.net\/en\/wp-json\/wp\/v2\/media\/1855"}],"wp:attachment":[{"href":"https:\/\/www.velocampus.net\/en\/wp-json\/wp\/v2\/media?parent=1841"}],"wp:term":[{"taxonomy":"category","embeddable":true,"href":"https:\/\/www.velocampus.net\/en\/wp-json\/wp\/v2\/categories?post=1841"},{"taxonomy":"post_tag","embeddable":true,"href":"https:\/\/www.velocampus.net\/en\/wp-json\/wp\/v2\/tags?post=1841"}],"curies":[{"name":"wp","href":"https:\/\/api.w.org\/{rel}","templated":true}]}}