{"id":1796,"date":"2025-02-07T12:46:38","date_gmt":"2025-02-07T11:46:38","guid":{"rendered":"https:\/\/www.velocampus.net\/?p=1796"},"modified":"2025-11-28T14:43:35","modified_gmt":"2025-11-28T13:43:35","slug":"definir-les-termes-linclusivite","status":"publish","type":"post","link":"https:\/\/www.velocampus.net\/en\/2025\/02\/07\/definir-les-termes-linclusivite\/","title":{"rendered":"D\u00e9finir les termes : l&#8217;inclusivit\u00e9"},"content":{"rendered":"\n<p>Le v\u00e9lo est un outil \u00e9mancipateur et \u00e9minemment politique. Son \u00e9cosyst\u00e8me porte des revendications sociales, d\u00e9mocratiques et environnementales. Dans ce milieu, les ateliers d\u2019auto-r\u00e9paration d\u00e9fendent la v\u00e9lonomie (apprendre \u00e0 r\u00e9parer soi-m\u00eame son v\u00e9lo) et l\u2019inclusion sociale\u00a0: l\u2019\u00e9gal acc\u00e8s \u00e0 nos activit\u00e9s, ind\u00e9pendamment de son genre, de son niveau social, de son origine, etc. C&#8217;est le cas de V\u00e9locampus, n\u00e9e d&#8217;une initiative \u00e9tudiante en 1997, et pr\u00e9sente sur le territoire nantais depuis. V\u00e9locampus propose, entre autres services, la location de v\u00e9los aux \u00e9tudiant\u00b7es et personnels de Nantes Universit\u00e9, un atelier d&#8217;autor\u00e9paration ouvert \u00e0 tous\u00b7tes, des formations, des \u00e9v\u00e9nements hors les murs (stands de contr\u00f4le technique, ateliers de cr\u00e9ations, actions autour du r\u00e9emploi, biblioth\u00e8que mobile etc.).<\/p>\n\n\n\n<p>Plus r\u00e9cemment, l\u2019association a intensifi\u00e9 ses actions et ses r\u00e9flexions port\u00e9es sur l&#8217;accueil pour tous\u00b7tes, et par cons\u00e9quent, l\u2019inclusion. Si ce terme revient \u00e0 de multiples reprises dans notre discours (nos textes, nos prises de paroles, etc.), voici comment il se concr\u00e9tise\u00a0:<\/p>\n\n\n\n<p>Une action sur les prix :<\/p>\n\n\n\n<ul class=\"wp-block-list\">\n<li>Les prix des adh\u00e9sions sont modulables (par exemple l&#8217;adh\u00e9sion petit budget s&#8217;\u00e9l\u00e8ve \u00e0 10\u20ac et celle des personnes en situation d&#8217;exil \u00e0 1\u20ac), sans demander de justificatifs de revenus ou autre.<\/li>\n\n\n\n<li>Les pi\u00e8ces d&#8217;occasion sont \u00e0 prix libre pour pouvoir donner en fonction de ses ressources (un prix conscient est affich\u00e9).<\/li>\n\n\n\n<li>Les prix d&#8217;achat des v\u00e9los d&#8217;occasion sont fix\u00e9s le plus bas possible.<\/li>\n\n\n\n<li>Des v\u00e9los \u00e0 restaurer sont propos\u00e9s \u00e0 tous\u00b7tes (les prix sont tr\u00e8s bas mais n\u00e9cessitent donc un peu de temps \u00e0 leur consacrer pour les remettre d&#8217;aplomb).<\/li>\n\n\n\n<li>Un service de location de v\u00e9los aux \u00e9tudiant\u00b7es et personnel de l&#8217;Universit\u00e9 \u00e0 tr\u00e8s bas co\u00fbt (variant de 6 \u00e0 9\u20ac par mois).<\/li>\n<\/ul>\n\n\n\n<p>Une action sur l&#8217;accueil du public\u00a0:<\/p>\n\n\n\n<ul class=\"wp-block-list\">\n<li>Une p\u00e9dagogie la plus accessible possible, c&#8217;est-\u00e0-dire sans pr\u00e9-requis pour acc\u00e9der \u00e0 l\u2019atelier. Pour y parvenir, des salari\u00e9\u00b7s et b\u00e9n\u00e9voles sont l\u00e0 pour vous accompagner sur tous les ateliers.<\/li>\n\n\n\n<li>Un atelier en mixit\u00e9 choisie (sans hommes cisgenres) une fois par mois.<\/li>\n\n\n\n<li>Un atelier M\u00e9canique Tranquille, ouvert \u00e0 des publics ayant besoin de plus de temps et\/ou de silence, de concentration ou d&#8217;un accompagnement sp\u00e9cifique.<\/li>\n\n\n\n<li>Un accueil du collectif Sell&#8217;N&#8217;GuiDion (collectif Queer et en questionnement).<\/li>\n\n\n\n<li>Une charte lutte contre les Violences Sexistes et Sexuelles. Cette charte r\u00e9sulte d&#8217;un travail men\u00e9 sur l&#8217;accueil de tous\u00b7tes (notamment les minorit\u00e9s de genre) en milieu ordinairement plut\u00f4t masculin\u00a0: les ateliers de m\u00e9caniques, empreints de logiques de domination.<\/li>\n\n\n\n<li>Une formation sur la gestion des conflits.<\/li>\n<\/ul>\n\n\n\n<p>Des actions compl\u00e9mentaires gratuites, hors les murs de l&#8217;atelier permettant de toucher des publics emp\u00each\u00e9s de se rendre \u00e0 l&#8217;atelier (\u00e9loignement g\u00e9ographique et social, contrainte de temps) :<\/p>\n\n\n\n<ul class=\"wp-block-list\">\n<li>Des contr\u00f4les techniques en ext\u00e9rieur (campus universitaires, maisons de quartiers, \u00e9v\u00e9nements, etc.).<\/li>\n\n\n\n<li>Des balades th\u00e9matiques (ex\u00a0: cueillettes de champignons, plantes comestibles, avec les \u00e9tudiant\u00b7es)\u00a0.<\/li>\n\n\n\n<li>Des ateliers Cr\u00e9acycles, permettant de sensibiliser au r\u00e9emploi de pi\u00e8ces de v\u00e9lo, en les transformant en objets.<\/li>\n\n\n\n<li>Le v\u00e9lomixeur.<\/li>\n<\/ul>\n\n\n\n<p>Les enjeux li\u00e9s \u00e0 la mobilit\u00e9 \u00e0 v\u00e9lo, dans un contexte de crise \u00e9cologique, \u00e9conomique et sociale, sont particuli\u00e8rement urgents. Penser nos actions par le prisme de l&#8217;inclusion revient donc \u00e0 faire en sorte que tout le monde puisse acc\u00e9der non seulement \u00e0 l&#8217;usage du v\u00e9lo, mais \u00e9galement (et surtout, en ce qui nous concerne) aux endroits o\u00f9 les r\u00e9parer et\/ou apprendre \u00e0 les r\u00e9parer. Cela contribue dans le m\u00eame temps \u00e0 faire de l&#8217;atelier, et plus largement de nos actions, un espace de rencontre, d&#8217;\u00e9change et de cr\u00e9ation. Plus que jamais, le v\u00e9lo est v\u00e9hicule d&#8217;\u00e9mancipation !<\/p>\n\n\n\n<p><\/p>\n","protected":false},"excerpt":{"rendered":"<p>Le v\u00e9lo est un outil \u00e9mancipateur et \u00e9minemment politique. Son \u00e9cosyst\u00e8me porte des revendications sociales, d\u00e9mocratiques et environnementales. Dans ce milieu, les ateliers d\u2019auto-r\u00e9paration d\u00e9fendent la v\u00e9lonomie (apprendre \u00e0 r\u00e9parer soi-m\u00eame son v\u00e9lo) et l\u2019inclusion sociale : l\u2019\u00e9gal acc\u00e8s \u00e0 nos activit\u00e9s, ind\u00e9pendamment de son genre, de son niveau social, de son origine, etc. <\/p>\n","protected":false},"author":10,"featured_media":0,"comment_status":"closed","ping_status":"open","sticky":false,"template":"","format":"standard","meta":{"_lmt_disableupdate":"no","_lmt_disable":"","footnotes":""},"categories":[35,29],"tags":[],"class_list":["post-1796","post","type-post","status-publish","format-standard","hentry","category-archive","category-art-permanents"],"translation":{"provider":"WPGlobus","version":"3.0.2","language":"en","enabled_languages":["fr","en"],"languages":{"fr":{"title":true,"content":true,"excerpt":true},"en":{"title":false,"content":false,"excerpt":false}}},"modified_by":"tgodefroy","_links":{"self":[{"href":"https:\/\/www.velocampus.net\/en\/wp-json\/wp\/v2\/posts\/1796","targetHints":{"allow":["GET"]}}],"collection":[{"href":"https:\/\/www.velocampus.net\/en\/wp-json\/wp\/v2\/posts"}],"about":[{"href":"https:\/\/www.velocampus.net\/en\/wp-json\/wp\/v2\/types\/post"}],"author":[{"embeddable":true,"href":"https:\/\/www.velocampus.net\/en\/wp-json\/wp\/v2\/users\/10"}],"replies":[{"embeddable":true,"href":"https:\/\/www.velocampus.net\/en\/wp-json\/wp\/v2\/comments?post=1796"}],"version-history":[{"count":2,"href":"https:\/\/www.velocampus.net\/en\/wp-json\/wp\/v2\/posts\/1796\/revisions"}],"predecessor-version":[{"id":2063,"href":"https:\/\/www.velocampus.net\/en\/wp-json\/wp\/v2\/posts\/1796\/revisions\/2063"}],"wp:attachment":[{"href":"https:\/\/www.velocampus.net\/en\/wp-json\/wp\/v2\/media?parent=1796"}],"wp:term":[{"taxonomy":"category","embeddable":true,"href":"https:\/\/www.velocampus.net\/en\/wp-json\/wp\/v2\/categories?post=1796"},{"taxonomy":"post_tag","embeddable":true,"href":"https:\/\/www.velocampus.net\/en\/wp-json\/wp\/v2\/tags?post=1796"}],"curies":[{"name":"wp","href":"https:\/\/api.w.org\/{rel}","templated":true}]}}