{"id":1793,"date":"2025-02-07T12:33:07","date_gmt":"2025-02-07T11:33:07","guid":{"rendered":"https:\/\/www.velocampus.net\/?p=1793"},"modified":"2025-11-29T14:50:09","modified_gmt":"2025-11-29T13:50:09","slug":"dimportants-changements-dans-nos-usages-en-ligne","status":"publish","type":"post","link":"https:\/\/www.velocampus.net\/en\/2025\/02\/07\/dimportants-changements-dans-nos-usages-en-ligne\/","title":{"rendered":"D&#8217;importants changements dans nos usages en ligne"},"content":{"rendered":"\n<p>Dans le sillage des r\u00e9centes \u00e9lections am\u00e9ricaines, notamment marqu\u00e9es par le ralliement \u00e0 l\u2019id\u00e9ologie trumpiste de grandes entreprises du num\u00e9rique telles que Meta (regroupant Facebook, Instgram et Whatsapp), nous ressentons une certaine urgence \u00e0 envisager d\u2019autres fa\u00e7ons de faire en mati\u00e8re de communication, et donc\u00a0: d\u2019autres plateformes \u00e0 utiliser qui ne seraient pas tenues par des milliardaires masculinistes.<\/p>\n\n\n\n<p>\u00c0 dire vrai, nous avons d\u00e9j\u00e0 pu discuter ponctuellement des alternatives qui nous permettraient \u00e0 terme de quitter Meta, et nous consid\u00e9rons que l\u2019actualit\u00e9 et le mouvement initi\u00e9 par de nombreuses structures et personnalit\u00e9s afin de changer leurs pratiques num\u00e9riques constitue le moment opportun pour en faire de m\u00eame.<\/p>\n\n\n\n<p>Rappelons que le projet associatif de V\u00e9locampus repose sur des valeurs telles que l\u2019\u00e9co-responsabilit\u00e9, l\u2019inclusivit\u00e9, l\u2019entraide, l\u2019assistance aux publics en difficult\u00e9, et qu\u2019il nous semble donc particuli\u00e8rement important que ces valeurs s\u2019appliquent, dans la mesure du possible, aux outils num\u00e9riques que nous employons aujourd\u2019hui.<\/p>\n\n\n\n<p>La p\u00e9dagogie est \u00e9galement un aspect primordial de l\u2019action de V\u00e9locampus, et en vous invitant \u00e0 utiliser d\u2019autres outils pour \u00e9changer avec vous, nous esp\u00e9rons \u00e9galement pouvoir vous sensibiliser aux enjeux que repr\u00e9sentent le moment historique et technologique que nous vivons. Avec le ralliement d\u2019entreprises du num\u00e9rique \u00e0 une id\u00e9ologie d\u2019extr\u00eame-droite, c\u2019est \u00e9galement la question de la confidentialit\u00e9 de nos donn\u00e9es, ou de la silenciation des minorit\u00e9s par des algorithmes et des r\u00e8gles de mod\u00e9ration partisanes qui se joue, au b\u00e9n\u00e9fice des contenus complotistes et conservateurs.<\/p>\n\n\n\n<p>Nous vous proposons donc d\u00e9sormais d\u2019utiliser la plateforme Signal pour continuer \u00e0 communiquer entre nous, qui d\u00e9pend d\u2019une fondation \u00e0 but non-lucratif et qui propose peu ou prou les m\u00eames fonctionnalit\u00e9s que Whatsapp&nbsp;: c\u2019est super&nbsp;! <\/p>\n\n\n\n<p>Du c\u00f4t\u00e9 des r\u00e9seaux sociaux, et du fait que l\u2019usage d\u2019Instagram et de Facebook soit particuli\u00e8rement ancr\u00e9, nous comprenons que les alternatives \u00e0 ces outils soient \u00e0 l\u2019heure actuelle peu connues, et suscitent de l\u2019appr\u00e9hension. N\u00e9anmoins, elles existent, et c\u2019est heureux&nbsp;! Nous envisageons ainsi d\u2019investir la plateforme Fediverse&nbsp;: un ensemble de r\u00e9seaux sociaux regroup\u00e9s en instances, con\u00e7u dans la perspective d\u2019une d\u00e9mocratisation d\u2019Internet. Cela nous permettrait notamment d\u2019int\u00e9grer des fonctions telles que le texte alternatif, permettant de d\u00e9crire des images aux personnes malvoyantes ou non-voyantes.<\/p>\n\n\n\n<p>Nous avons bien conscience que la bascule ne se fera pas du jour au lendemain, et nous n\u2019allons pas fermer d\u00e8s fevrier nos comptes Facebook et Instagram. Nous envisageons les choses de mani\u00e8re transitoire&nbsp;: nos comptes Instagram et Facebook co-existeront un temps avec notre compte Mastodon, et nous esp\u00e9rons qu\u2019\u00e0 terme, suffisamment de personnes nous rejoignent sur celle-ci pour que nous l\u2019utilisons exclusivement. <strong>Vous pouvez donc ainsi initier ce mouvement <a href=\"https:\/\/piaille.fr\/@velocampusnantes\/113947575230711174\" data-type=\"link\" data-id=\"https:\/\/piaille.fr\/@velocampusnantes\/113947575230711174\">en nous retrouvant ici, sur Mastodon !<\/a><\/strong><\/p>\n\n\n\n<p>Nous esp\u00e9rons surtout que vous ne percevrez pas ces changements comme \u00e9tant des contraintes, mais plut\u00f4t comme des exp\u00e9riences qui vous permettront peut-\u00eatre de trouver des espaces de d\u00e9mocratie au beau milieu de la crise que nous vivons&nbsp;!<\/p>\n\n\n\n<p><\/p>\n","protected":false},"excerpt":{"rendered":"<p>Dans le sillage des r\u00e9centes \u00e9lections am\u00e9ricaines, notamment marqu\u00e9es par le ralliement \u00e0 l\u2019id\u00e9ologie trumpiste de grandes entreprises du num\u00e9rique telles que Meta (regroupant Facebook, Instgram et Whatsapp), nous ressentons une certaine urgence \u00e0 envisager d\u2019autres fa\u00e7ons de faire en mati\u00e8re de communication.<\/p>\n","protected":false},"author":10,"featured_media":1794,"comment_status":"closed","ping_status":"open","sticky":false,"template":"","format":"standard","meta":{"_lmt_disableupdate":"no","_lmt_disable":"","footnotes":""},"categories":[6,35,29],"tags":[],"class_list":["post-1793","post","type-post","status-publish","format-standard","has-post-thumbnail","hentry","category-actu","category-archive","category-art-permanents"],"translation":{"provider":"WPGlobus","version":"3.0.2","language":"en","enabled_languages":["fr","en"],"languages":{"fr":{"title":true,"content":true,"excerpt":true},"en":{"title":false,"content":false,"excerpt":false}}},"modified_by":"lbedouret","_links":{"self":[{"href":"https:\/\/www.velocampus.net\/en\/wp-json\/wp\/v2\/posts\/1793","targetHints":{"allow":["GET"]}}],"collection":[{"href":"https:\/\/www.velocampus.net\/en\/wp-json\/wp\/v2\/posts"}],"about":[{"href":"https:\/\/www.velocampus.net\/en\/wp-json\/wp\/v2\/types\/post"}],"author":[{"embeddable":true,"href":"https:\/\/www.velocampus.net\/en\/wp-json\/wp\/v2\/users\/10"}],"replies":[{"embeddable":true,"href":"https:\/\/www.velocampus.net\/en\/wp-json\/wp\/v2\/comments?post=1793"}],"version-history":[{"count":2,"href":"https:\/\/www.velocampus.net\/en\/wp-json\/wp\/v2\/posts\/1793\/revisions"}],"predecessor-version":[{"id":2065,"href":"https:\/\/www.velocampus.net\/en\/wp-json\/wp\/v2\/posts\/1793\/revisions\/2065"}],"wp:featuredmedia":[{"embeddable":true,"href":"https:\/\/www.velocampus.net\/en\/wp-json\/wp\/v2\/media\/1794"}],"wp:attachment":[{"href":"https:\/\/www.velocampus.net\/en\/wp-json\/wp\/v2\/media?parent=1793"}],"wp:term":[{"taxonomy":"category","embeddable":true,"href":"https:\/\/www.velocampus.net\/en\/wp-json\/wp\/v2\/categories?post=1793"},{"taxonomy":"post_tag","embeddable":true,"href":"https:\/\/www.velocampus.net\/en\/wp-json\/wp\/v2\/tags?post=1793"}],"curies":[{"name":"wp","href":"https:\/\/api.w.org\/{rel}","templated":true}]}}