{"id":1784,"date":"2025-02-07T12:10:51","date_gmt":"2025-02-07T11:10:51","guid":{"rendered":"https:\/\/www.velocampus.net\/?p=1784"},"modified":"2025-09-08T15:29:33","modified_gmt":"2025-09-08T13:29:33","slug":"velocampus-au-25e-congres-de-la-fub","status":"publish","type":"post","link":"https:\/\/www.velocampus.net\/en\/2025\/02\/07\/velocampus-au-25e-congres-de-la-fub\/","title":{"rendered":"Le 25\u00e8 congr\u00e8s de la FUB"},"content":{"rendered":"\n<p>La <a href=\"https:\/\/www.fub.fr\/\" data-type=\"link\" data-id=\"https:\/\/www.fub.fr\/\">F\u00e9d\u00e9ration des Usagers\u00b7\u00e8res de la Bicyclette<\/a>, cr\u00e9\u00e9e en 1980, est une association phare dans la promotion du v\u00e9lo au quotidien. Cela se concr\u00e9tise par de nombreuses initiatives telles que la mise en r\u00e9seau de diff\u00e9rentes structures (dont font partie V\u00e9locampus, ou encore Place Au V\u00e9lo !), des actions de sensibilisation, des ateliers d\u2019autor\u00e9paration, le gravage antivol de v\u00e9los, et bien plus encore. Nous relayons par ailleurs r\u00e9guli\u00e8rement des actions de la FUB, l\u2019une des plus r\u00e9centes \u00e9tant la <a href=\"https:\/\/www.fub.fr\/fub\/actualites\/stop-aux-violences-motorisees-signez-temoignez\" data-type=\"link\" data-id=\"https:\/\/www.fub.fr\/fub\/actualites\/stop-aux-violences-motorisees-signez-temoignez\">p\u00e9tition relative aux violences automobiles<\/a>, que nous vous encourageons toujours \u00e0 signer si ce n\u2019est pas d\u00e9j\u00e0 fait&nbsp;!<\/p>\n\n\n\n<p>Les 27 et 28 f\u00e9vrier aura lieu \u00e0 Paris le<a href=\"https:\/\/www.fub.fr\/congres.2025\" data-type=\"link\" data-id=\"https:\/\/www.fub.fr\/congres.2025\"> 25\u00e8 congr\u00e8s de la FUB<\/a>, coorganis\u00e9 avec avec le\u00a0Collectif V\u00e9lo \u00cele-de-France\u00a0et\u00a0les associations\u00a0Mieux se D\u00e9placer \u00e0 Bicyclette MDB\u00a0et\u00a0Paris en Selle. Au gr\u00e9 d\u2019un programme dense, ce congr\u00e8s est l\u2019occasion de rencontrer diff\u00e9rentes structures de l\u2019\u00e9cosyst\u00e8me v\u00e9lo et d\u2019\u00e9changer sur autour pratiques de chacun\u00b7e, alors que les enjeux li\u00e9s \u00e0 la mobilit\u00e9 \u00e0 v\u00e9lo sont plus urgents que jamais\u00a0! <\/p>\n\n\n\n<p>A la suite de ce congr\u00e8s, l&#8217;Assembl\u00e9e G\u00e9n\u00e9rale de la FUB se tiendra le samedi 1er mars. V\u00e9locampus y sera repr\u00e9sent\u00e9 par Maxime, administrateur b\u00e9n\u00e9vole et R\u00e9gis, directeur de V\u00e9locampus.<\/p>\n","protected":false},"excerpt":{"rendered":"<p>La F\u00e9d\u00e9ration des Usagers\u00b7\u00e8res de la Bicyclette, cr\u00e9\u00e9e en 1980, est une association phare dans la promotion du v\u00e9lo au quotidien. Cela se concr\u00e9tise par de nombreuses initiatives telles que la mise en r\u00e9seau de diff\u00e9rentes structures (dont font partie<\/p>\n","protected":false},"author":10,"featured_media":1785,"comment_status":"closed","ping_status":"open","sticky":false,"template":"","format":"standard","meta":{"_lmt_disableupdate":"no","_lmt_disable":"","footnotes":""},"categories":[35],"tags":[],"class_list":["post-1784","post","type-post","status-publish","format-standard","has-post-thumbnail","hentry","category-archive"],"translation":{"provider":"WPGlobus","version":"3.0.2","language":"en","enabled_languages":["fr","en"],"languages":{"fr":{"title":true,"content":true,"excerpt":false},"en":{"title":false,"content":false,"excerpt":false}}},"modified_by":"lbedouret","_links":{"self":[{"href":"https:\/\/www.velocampus.net\/en\/wp-json\/wp\/v2\/posts\/1784","targetHints":{"allow":["GET"]}}],"collection":[{"href":"https:\/\/www.velocampus.net\/en\/wp-json\/wp\/v2\/posts"}],"about":[{"href":"https:\/\/www.velocampus.net\/en\/wp-json\/wp\/v2\/types\/post"}],"author":[{"embeddable":true,"href":"https:\/\/www.velocampus.net\/en\/wp-json\/wp\/v2\/users\/10"}],"replies":[{"embeddable":true,"href":"https:\/\/www.velocampus.net\/en\/wp-json\/wp\/v2\/comments?post=1784"}],"version-history":[{"count":2,"href":"https:\/\/www.velocampus.net\/en\/wp-json\/wp\/v2\/posts\/1784\/revisions"}],"predecessor-version":[{"id":1799,"href":"https:\/\/www.velocampus.net\/en\/wp-json\/wp\/v2\/posts\/1784\/revisions\/1799"}],"wp:featuredmedia":[{"embeddable":true,"href":"https:\/\/www.velocampus.net\/en\/wp-json\/wp\/v2\/media\/1785"}],"wp:attachment":[{"href":"https:\/\/www.velocampus.net\/en\/wp-json\/wp\/v2\/media?parent=1784"}],"wp:term":[{"taxonomy":"category","embeddable":true,"href":"https:\/\/www.velocampus.net\/en\/wp-json\/wp\/v2\/categories?post=1784"},{"taxonomy":"post_tag","embeddable":true,"href":"https:\/\/www.velocampus.net\/en\/wp-json\/wp\/v2\/tags?post=1784"}],"curies":[{"name":"wp","href":"https:\/\/api.w.org\/{rel}","templated":true}]}}