{"id":1531,"date":"2024-11-23T14:49:14","date_gmt":"2024-11-23T13:49:14","guid":{"rendered":"https:\/\/www.velocampus.net\/?p=1531"},"modified":"2025-03-14T13:55:59","modified_gmt":"2025-03-14T12:55:59","slug":"repair-cafe-nomade-sur-les-campus-nantais","status":"publish","type":"post","link":"https:\/\/www.velocampus.net\/en\/2024\/11\/23\/repair-cafe-nomade-sur-les-campus-nantais\/","title":{"rendered":"Repair Caf\u00e9 Nomade sur les campus nantais"},"content":{"rendered":"\n<p>Proposant une mini-exposition sur l&#8217;\u00e9conomie circulaire et des ateliers d&#8217;autor\u00e9paration d&#8217;objets du quotidien, le Repair Caf\u00e9 Nomade est un projet itin\u00e9rant du Lab Citoyen de Nantes Universit\u00e9, soutenu par Nantes M\u00e9tropole. Il se d\u00e9placera de campus en campus de novembre 2024 \u00e0 avril 2025, \u00e0 raison de 2 semaines par campus &#8211; voir la programmation compl\u00e8te au bas de l&#8217;article !&nbsp;<\/p>\n\n\n\n<p>Dans ce cadre, V\u00e9locampus interviendra donc au cours des mois \u00e0 venir sur diff\u00e9rents campus nantais pour du contr\u00f4le technique et de l&#8217;information sur l&#8217;entretien du v\u00e9lo&#8230; Mais cet \u00e9v\u00e9nement itin\u00e9rant, pens\u00e9 sur le mode &nbsp;du <em>Repair Caf\u00e9<\/em>, vous permettra \u00e9galement de r\u00e9parer, entretenir et d&#8217;\u00eatre conseill\u00e9 sur l&#8217;entretien de vos appareils \u00e9lectrom\u00e9nagers, vos t\u00e9l\u00e9phones ou vos v\u00eatements gr\u00e2ce \u00e0 la pr\u00e9sence d&#8217;associations Les Cousettes de Nantes, Mieux Trier \u00e0 Nantes ou encore Ping.&nbsp;<\/p>\n\n\n\n<p><strong>&gt; Repair Caf\u00e9 Nomade, de novembre 2024 \u00e0 avril 2025 sur les campus de Nantes Universit\u00e9.<\/strong><\/p>\n\n\n\n<p>Plus d&#8217;informations, et calendrier de l&#8217;exposition itin\u00e9rante ici : <a href=\"https:\/\/www.univ-nantes.fr\/universite\/vision-strategie-et-grands-projets\/repair-cafe-nomade\">https:\/\/www.univ-nantes.fr\/universite\/vision-strategie-et-grands-projets\/repair-cafe-nomade<\/a><\/p>\n\n\n\n<p><\/p>\n","protected":false},"excerpt":{"rendered":"<p>Proposant une mini-exposition sur l&#8217;\u00e9conomie circulaire et des ateliers d&#8217;autor\u00e9paration d&#8217;objets du quotidien, le Repair Caf\u00e9 Nomade est un projet itin\u00e9rant du Lab Citoyen de Nantes Universit\u00e9, soutenu par Nantes M\u00e9tropole. Il se d\u00e9placera de campus en campus de novembre<\/p>\n","protected":false},"author":11,"featured_media":1532,"comment_status":"closed","ping_status":"open","sticky":false,"template":"","format":"standard","meta":{"_lmt_disableupdate":"no","_lmt_disable":"","footnotes":""},"categories":[35],"tags":[],"class_list":["post-1531","post","type-post","status-publish","format-standard","has-post-thumbnail","hentry","category-archive"],"translation":{"provider":"WPGlobus","version":"3.0.2","language":"en","enabled_languages":["fr","en"],"languages":{"fr":{"title":true,"content":true,"excerpt":false},"en":{"title":false,"content":false,"excerpt":false}}},"modified_by":"lbedouret","_links":{"self":[{"href":"https:\/\/www.velocampus.net\/en\/wp-json\/wp\/v2\/posts\/1531","targetHints":{"allow":["GET"]}}],"collection":[{"href":"https:\/\/www.velocampus.net\/en\/wp-json\/wp\/v2\/posts"}],"about":[{"href":"https:\/\/www.velocampus.net\/en\/wp-json\/wp\/v2\/types\/post"}],"author":[{"embeddable":true,"href":"https:\/\/www.velocampus.net\/en\/wp-json\/wp\/v2\/users\/11"}],"replies":[{"embeddable":true,"href":"https:\/\/www.velocampus.net\/en\/wp-json\/wp\/v2\/comments?post=1531"}],"version-history":[{"count":3,"href":"https:\/\/www.velocampus.net\/en\/wp-json\/wp\/v2\/posts\/1531\/revisions"}],"predecessor-version":[{"id":1673,"href":"https:\/\/www.velocampus.net\/en\/wp-json\/wp\/v2\/posts\/1531\/revisions\/1673"}],"wp:featuredmedia":[{"embeddable":true,"href":"https:\/\/www.velocampus.net\/en\/wp-json\/wp\/v2\/media\/1532"}],"wp:attachment":[{"href":"https:\/\/www.velocampus.net\/en\/wp-json\/wp\/v2\/media?parent=1531"}],"wp:term":[{"taxonomy":"category","embeddable":true,"href":"https:\/\/www.velocampus.net\/en\/wp-json\/wp\/v2\/categories?post=1531"},{"taxonomy":"post_tag","embeddable":true,"href":"https:\/\/www.velocampus.net\/en\/wp-json\/wp\/v2\/tags?post=1531"}],"curies":[{"name":"wp","href":"https:\/\/api.w.org\/{rel}","templated":true}]}}